{"id":840,"date":"2016-01-10T22:44:26","date_gmt":"2016-01-10T21:44:26","guid":{"rendered":"http:\/\/internat.zsgronowo.edu.pl\/wordpress\/?p=840"},"modified":"2016-01-11T07:44:52","modified_gmt":"2016-01-11T06:44:52","slug":"ksiazki-naszych-marzen","status":"publish","type":"post","link":"https:\/\/internat.zsgronowo.edu.pl\/wordpress\/?p=840","title":{"rendered":"Ksi\u0105\u017cki naszych marze\u0144"},"content":{"rendered":"<h4>W ramach ministerialnego projektu ,, Ksi\u0105\u017cki naszych Marze\u0144\u201d\u00a0 wychowanki z grupy III nawi\u0105za\u0142y wsp\u00f3\u0142prac\u0119 z Bibliotek\u0105 Publiczn\u0105 w Gronowie. Dziewcz\u0119ta co tydzie\u0144 prowadz\u0105 w bibliotece zaj\u0119cia dla najm\u0142odszych: czytaj\u0105 im bajki, rozwi\u0105zuj\u0105 rebusy i szarady oraz wsp\u00f3lnie z nimi wykonuj\u0105 prace plastyczne.<br \/>\nKoordynatorem akcji jest Pani Wychowawczyni grupy III \u2013 Hanna Grala.<\/h4>\n<h4><\/h4>\n<h4><a href=\"https:\/\/internat.zsgronowo.edu.pl\/wordpress\/wp-content\/uploads\/2016\/01\/DSC02762.jpg\" rel=\"attachment wp-att-841\"><img loading=\"lazy\" decoding=\"async\" class=\"alignnone size-medium wp-image-841\" src=\"https:\/\/internat.zsgronowo.edu.pl\/wordpress\/wp-content\/uploads\/2016\/01\/DSC02762-300x169.jpg\" alt=\"DSC02762\" width=\"300\" height=\"169\" srcset=\"https:\/\/internat.zsgronowo.edu.pl\/wordpress\/wp-content\/uploads\/2016\/01\/DSC02762-300x169.jpg 300w, https:\/\/internat.zsgronowo.edu.pl\/wordpress\/wp-content\/uploads\/2016\/01\/DSC02762-768x432.jpg 768w, https:\/\/internat.zsgronowo.edu.pl\/wordpress\/wp-content\/uploads\/2016\/01\/DSC02762-1024x577.jpg 1024w, https:\/\/internat.zsgronowo.edu.pl\/wordpress\/wp-content\/uploads\/2016\/01\/DSC02762-703x396.jpg 703w, https:\/\/internat.zsgronowo.edu.pl\/wordpress\/wp-content\/uploads\/2016\/01\/DSC02762.jpg 1920w\" sizes=\"auto, (max-width: 300px) 100vw, 300px\" \/><\/a> <a href=\"https:\/\/internat.zsgronowo.edu.pl\/wordpress\/wp-content\/uploads\/2016\/01\/DSC02764.jpg\" rel=\"attachment wp-att-842\"><img loading=\"lazy\" decoding=\"async\" class=\"alignnone size-medium wp-image-842\" src=\"https:\/\/internat.zsgronowo.edu.pl\/wordpress\/wp-content\/uploads\/2016\/01\/DSC02764-300x169.jpg\" alt=\"DSC02764\" width=\"300\" height=\"169\" srcset=\"https:\/\/internat.zsgronowo.edu.pl\/wordpress\/wp-content\/uploads\/2016\/01\/DSC02764-300x169.jpg 300w, https:\/\/internat.zsgronowo.edu.pl\/wordpress\/wp-content\/uploads\/2016\/01\/DSC02764-768x432.jpg 768w, https:\/\/internat.zsgronowo.edu.pl\/wordpress\/wp-content\/uploads\/2016\/01\/DSC02764-1024x577.jpg 1024w, https:\/\/internat.zsgronowo.edu.pl\/wordpress\/wp-content\/uploads\/2016\/01\/DSC02764-703x396.jpg 703w, https:\/\/internat.zsgronowo.edu.pl\/wordpress\/wp-content\/uploads\/2016\/01\/DSC02764.jpg 1920w\" sizes=\"auto, (max-width: 300px) 100vw, 300px\" \/><\/a><\/h4>\n<p><a href=\"https:\/\/internat.zsgronowo.edu.pl\/wordpress\/wp-content\/uploads\/2016\/01\/DSC02766.jpg\" rel=\"attachment wp-att-843\"><img loading=\"lazy\" decoding=\"async\" class=\"alignnone size-medium wp-image-843\" src=\"https:\/\/internat.zsgronowo.edu.pl\/wordpress\/wp-content\/uploads\/2016\/01\/DSC02766-300x169.jpg\" alt=\"DSC02766\" width=\"300\" height=\"169\" srcset=\"https:\/\/internat.zsgronowo.edu.pl\/wordpress\/wp-content\/uploads\/2016\/01\/DSC02766-300x169.jpg 300w, https:\/\/internat.zsgronowo.edu.pl\/wordpress\/wp-content\/uploads\/2016\/01\/DSC02766-768x432.jpg 768w, https:\/\/internat.zsgronowo.edu.pl\/wordpress\/wp-content\/uploads\/2016\/01\/DSC02766-1024x577.jpg 1024w, https:\/\/internat.zsgronowo.edu.pl\/wordpress\/wp-content\/uploads\/2016\/01\/DSC02766-703x396.jpg 703w, https:\/\/internat.zsgronowo.edu.pl\/wordpress\/wp-content\/uploads\/2016\/01\/DSC02766.jpg 1920w\" sizes=\"auto, (max-width: 300px) 100vw, 300px\" \/><\/a><\/p>\n","protected":false},"excerpt":{"rendered":"<p>W ramach ministerialnego projektu ,, Ksi\u0105\u017cki naszych Marze\u0144\u201d\u00a0 wychowanki z grupy III nawi\u0105za\u0142y wsp\u00f3\u0142prac\u0119 z Bibliotek\u0105 Publiczn\u0105 w Gronowie. Dziewcz\u0119ta co tydzie\u0144 prowadz\u0105 w bibliotece zaj\u0119cia dla najm\u0142odszych: czytaj\u0105 im bajki, rozwi\u0105zuj\u0105 rebusy i szarady oraz wsp\u00f3lnie z nimi wykonuj\u0105 prace plastyczne. Koordynatorem akcji jest Pani Wychowawczyni grupy III \u2013 Hanna Grala.<\/p>\n","protected":false},"author":2,"featured_media":0,"comment_status":"closed","ping_status":"open","sticky":false,"template":"","format":"standard","meta":{"footnotes":""},"categories":[1],"tags":[],"class_list":["post-840","post","type-post","status-publish","format-standard","hentry","category-aktualnosci"],"_links":{"self":[{"href":"https:\/\/internat.zsgronowo.edu.pl\/wordpress\/index.php?rest_route=\/wp\/v2\/posts\/840","targetHints":{"allow":["GET"]}}],"collection":[{"href":"https:\/\/internat.zsgronowo.edu.pl\/wordpress\/index.php?rest_route=\/wp\/v2\/posts"}],"about":[{"href":"https:\/\/internat.zsgronowo.edu.pl\/wordpress\/index.php?rest_route=\/wp\/v2\/types\/post"}],"author":[{"embeddable":true,"href":"https:\/\/internat.zsgronowo.edu.pl\/wordpress\/index.php?rest_route=\/wp\/v2\/users\/2"}],"replies":[{"embeddable":true,"href":"https:\/\/internat.zsgronowo.edu.pl\/wordpress\/index.php?rest_route=%2Fwp%2Fv2%2Fcomments&post=840"}],"version-history":[{"count":4,"href":"https:\/\/internat.zsgronowo.edu.pl\/wordpress\/index.php?rest_route=\/wp\/v2\/posts\/840\/revisions"}],"predecessor-version":[{"id":847,"href":"https:\/\/internat.zsgronowo.edu.pl\/wordpress\/index.php?rest_route=\/wp\/v2\/posts\/840\/revisions\/847"}],"wp:attachment":[{"href":"https:\/\/internat.zsgronowo.edu.pl\/wordpress\/index.php?rest_route=%2Fwp%2Fv2%2Fmedia&parent=840"}],"wp:term":[{"taxonomy":"category","embeddable":true,"href":"https:\/\/internat.zsgronowo.edu.pl\/wordpress\/index.php?rest_route=%2Fwp%2Fv2%2Fcategories&post=840"},{"taxonomy":"post_tag","embeddable":true,"href":"https:\/\/internat.zsgronowo.edu.pl\/wordpress\/index.php?rest_route=%2Fwp%2Fv2%2Ftags&post=840"}],"curies":[{"name":"wp","href":"https:\/\/api.w.org\/{rel}","templated":true}]}}