{"id":790,"date":"2015-12-11T01:00:11","date_gmt":"2015-12-11T00:00:11","guid":{"rendered":"http:\/\/internat.zsgronowo.edu.pl\/wordpress\/?p=790"},"modified":"2016-01-04T00:52:31","modified_gmt":"2016-01-03T23:52:31","slug":"szlachetna-paczka","status":"publish","type":"post","link":"https:\/\/internat.zsgronowo.edu.pl\/wordpress\/?p=790","title":{"rendered":"Szlachetna Paczka"},"content":{"rendered":"<p>Mieszka\u0144cy internatu wraz z Wychowawcami<\/p>\n<p>aktywnie w\u0142\u0105czyli si\u0119 do organizowanej<\/p>\n<p>w szkole akcji &#8222;Szlachetna Paczka&#8221;.<\/p>\n<p>Koordynatork\u0105 akcji w internacie by\u0142a Hania Pilarska<\/p>\n<p>z grupy IV. Zebrali\u015bmy \u015bwi\u0105teczn\u0105 porcj\u0119<\/p>\n<p>s\u0142odkich pyszno\u015bci.<\/p>\n<p>Wszystkim, kt\u00f3rzy w\u0142\u0105czyli si\u0119 do naszej zbi\u00f3rki<\/p>\n<p>serdecznie DZI\u0118KUJEMY \ud83d\ude42<\/p>\n<p>&nbsp;<\/p>\n<p><a href=\"https:\/\/internat.zsgronowo.edu.pl\/wordpress\/wp-content\/uploads\/2015\/12\/20151209_213856.jpg\" rel=\"attachment wp-att-832\"><img loading=\"lazy\" decoding=\"async\" class=\"alignnone size-medium wp-image-832\" src=\"https:\/\/internat.zsgronowo.edu.pl\/wordpress\/wp-content\/uploads\/2015\/12\/20151209_213856-300x180.jpg\" alt=\"20151209_213856\" width=\"300\" height=\"180\" srcset=\"https:\/\/internat.zsgronowo.edu.pl\/wordpress\/wp-content\/uploads\/2015\/12\/20151209_213856-300x180.jpg 300w, https:\/\/internat.zsgronowo.edu.pl\/wordpress\/wp-content\/uploads\/2015\/12\/20151209_213856-768x461.jpg 768w, https:\/\/internat.zsgronowo.edu.pl\/wordpress\/wp-content\/uploads\/2015\/12\/20151209_213856-1024x614.jpg 1024w, https:\/\/internat.zsgronowo.edu.pl\/wordpress\/wp-content\/uploads\/2015\/12\/20151209_213856-703x422.jpg 703w, https:\/\/internat.zsgronowo.edu.pl\/wordpress\/wp-content\/uploads\/2015\/12\/20151209_213856.jpg 1920w\" sizes=\"auto, (max-width: 300px) 100vw, 300px\" \/><\/a><\/p>\n","protected":false},"excerpt":{"rendered":"<p>Mieszka\u0144cy internatu wraz z Wychowawcami aktywnie w\u0142\u0105czyli si\u0119 do organizowanej w szkole akcji &#8222;Szlachetna Paczka&#8221;. Koordynatork\u0105 akcji w internacie by\u0142a Hania Pilarska z grupy IV. Zebrali\u015bmy \u015bwi\u0105teczn\u0105 porcj\u0119 s\u0142odkich pyszno\u015bci. Wszystkim, kt\u00f3rzy w\u0142\u0105czyli si\u0119 do naszej zbi\u00f3rki serdecznie DZI\u0118KUJEMY \ud83d\ude42 &nbsp;<\/p>\n","protected":false},"author":2,"featured_media":0,"comment_status":"closed","ping_status":"open","sticky":false,"template":"","format":"standard","meta":{"footnotes":""},"categories":[1],"tags":[],"class_list":["post-790","post","type-post","status-publish","format-standard","hentry","category-aktualnosci"],"_links":{"self":[{"href":"https:\/\/internat.zsgronowo.edu.pl\/wordpress\/index.php?rest_route=\/wp\/v2\/posts\/790","targetHints":{"allow":["GET"]}}],"collection":[{"href":"https:\/\/internat.zsgronowo.edu.pl\/wordpress\/index.php?rest_route=\/wp\/v2\/posts"}],"about":[{"href":"https:\/\/internat.zsgronowo.edu.pl\/wordpress\/index.php?rest_route=\/wp\/v2\/types\/post"}],"author":[{"embeddable":true,"href":"https:\/\/internat.zsgronowo.edu.pl\/wordpress\/index.php?rest_route=\/wp\/v2\/users\/2"}],"replies":[{"embeddable":true,"href":"https:\/\/internat.zsgronowo.edu.pl\/wordpress\/index.php?rest_route=%2Fwp%2Fv2%2Fcomments&post=790"}],"version-history":[{"count":2,"href":"https:\/\/internat.zsgronowo.edu.pl\/wordpress\/index.php?rest_route=\/wp\/v2\/posts\/790\/revisions"}],"predecessor-version":[{"id":833,"href":"https:\/\/internat.zsgronowo.edu.pl\/wordpress\/index.php?rest_route=\/wp\/v2\/posts\/790\/revisions\/833"}],"wp:attachment":[{"href":"https:\/\/internat.zsgronowo.edu.pl\/wordpress\/index.php?rest_route=%2Fwp%2Fv2%2Fmedia&parent=790"}],"wp:term":[{"taxonomy":"category","embeddable":true,"href":"https:\/\/internat.zsgronowo.edu.pl\/wordpress\/index.php?rest_route=%2Fwp%2Fv2%2Fcategories&post=790"},{"taxonomy":"post_tag","embeddable":true,"href":"https:\/\/internat.zsgronowo.edu.pl\/wordpress\/index.php?rest_route=%2Fwp%2Fv2%2Ftags&post=790"}],"curies":[{"name":"wp","href":"https:\/\/api.w.org\/{rel}","templated":true}]}}