{"id":3707,"date":"2023-09-29T06:18:09","date_gmt":"2023-09-29T04:18:09","guid":{"rendered":"http:\/\/internat.zsgronowo.edu.pl\/wordpress\/?p=3707"},"modified":"2023-09-29T06:18:22","modified_gmt":"2023-09-29T04:18:22","slug":"kino-plenerowe","status":"publish","type":"post","link":"https:\/\/internat.zsgronowo.edu.pl\/wordpress\/?p=3707","title":{"rendered":"Kino Plenerowe"},"content":{"rendered":"<div dir=\"auto\">We wtorek 12.09.2023 wieczorem, MRI postawi\u0142o na wieczorn\u0105 integracj\u0119 z tegorocznymi pierwszakami. Na wieczorny seans w plenerze wybrali\u015bmy klasyk\u0119 kina animowanego.<\/div>\n<div dir=\"auto\">Dobre humory i \u015bmiechy nios\u0142y si\u0119 do p\u00f3\u017anych godzin nocnych.<\/div>\n<div dir=\"auto\">Mamy nadziej\u0119,<\/div>\n<div dir=\"auto\">\u017ce to nie pierwszy taki seans i zostanie on nasz\u0105 ma\u0142\u0105 Internack\u0105 tradycj\u0105<\/div>\n<div dir=\"auto\">\u00a0<img decoding=\"async\" class=\"an1 CToWUd\" src=\"https:\/\/fonts.gstatic.com\/s\/e\/notoemoji\/15.0\/1f609\/72.png\" alt=\"\ud83d\ude09\" data-emoji=\"\ud83d\ude09\" aria-label=\"\ud83d\ude09\" data-bit=\"iit\" \/><\/div>\n<div dir=\"auto\"><a href=\"https:\/\/internat.zsgronowo.edu.pl\/wordpress\/wp-content\/uploads\/2023\/09\/FB_IMG_1695360540331-4.jpg\"><img loading=\"lazy\" decoding=\"async\" class=\"alignnone size-medium wp-image-3708\" src=\"https:\/\/internat.zsgronowo.edu.pl\/wordpress\/wp-content\/uploads\/2023\/09\/FB_IMG_1695360540331-4-300x225.jpg\" alt=\"\" width=\"300\" height=\"225\" srcset=\"https:\/\/internat.zsgronowo.edu.pl\/wordpress\/wp-content\/uploads\/2023\/09\/FB_IMG_1695360540331-4-300x225.jpg 300w, https:\/\/internat.zsgronowo.edu.pl\/wordpress\/wp-content\/uploads\/2023\/09\/FB_IMG_1695360540331-4-768x576.jpg 768w, https:\/\/internat.zsgronowo.edu.pl\/wordpress\/wp-content\/uploads\/2023\/09\/FB_IMG_1695360540331-4-1024x768.jpg 1024w, https:\/\/internat.zsgronowo.edu.pl\/wordpress\/wp-content\/uploads\/2023\/09\/FB_IMG_1695360540331-4.jpg 1080w\" sizes=\"auto, (max-width: 300px) 100vw, 300px\" \/><\/a> <a href=\"https:\/\/internat.zsgronowo.edu.pl\/wordpress\/wp-content\/uploads\/2023\/09\/FB_IMG_1695360545802-1.jpg\"><img loading=\"lazy\" decoding=\"async\" class=\"alignnone size-medium wp-image-3709\" src=\"https:\/\/internat.zsgronowo.edu.pl\/wordpress\/wp-content\/uploads\/2023\/09\/FB_IMG_1695360545802-1-300x225.jpg\" alt=\"\" width=\"300\" height=\"225\" srcset=\"https:\/\/internat.zsgronowo.edu.pl\/wordpress\/wp-content\/uploads\/2023\/09\/FB_IMG_1695360545802-1-300x225.jpg 300w, https:\/\/internat.zsgronowo.edu.pl\/wordpress\/wp-content\/uploads\/2023\/09\/FB_IMG_1695360545802-1-768x576.jpg 768w, https:\/\/internat.zsgronowo.edu.pl\/wordpress\/wp-content\/uploads\/2023\/09\/FB_IMG_1695360545802-1-1024x768.jpg 1024w, https:\/\/internat.zsgronowo.edu.pl\/wordpress\/wp-content\/uploads\/2023\/09\/FB_IMG_1695360545802-1.jpg 1080w\" sizes=\"auto, (max-width: 300px) 100vw, 300px\" \/><\/a><\/div>\n","protected":false},"excerpt":{"rendered":"<p>We wtorek 12.09.2023 wieczorem, MRI postawi\u0142o na wieczorn\u0105 integracj\u0119 z tegorocznymi pierwszakami. Na wieczorny seans w plenerze wybrali\u015bmy klasyk\u0119 kina animowanego. Dobre humory i \u015bmiechy nios\u0142y si\u0119 do p\u00f3\u017anych godzin nocnych. Mamy nadziej\u0119, \u017ce to nie pierwszy taki seans i zostanie on nasz\u0105 ma\u0142\u0105 Internack\u0105 tradycj\u0105 \u00a0<\/p>\n","protected":false},"author":4,"featured_media":0,"comment_status":"closed","ping_status":"open","sticky":false,"template":"","format":"standard","meta":{"footnotes":""},"categories":[1],"tags":[],"class_list":["post-3707","post","type-post","status-publish","format-standard","hentry","category-aktualnosci"],"_links":{"self":[{"href":"https:\/\/internat.zsgronowo.edu.pl\/wordpress\/index.php?rest_route=\/wp\/v2\/posts\/3707","targetHints":{"allow":["GET"]}}],"collection":[{"href":"https:\/\/internat.zsgronowo.edu.pl\/wordpress\/index.php?rest_route=\/wp\/v2\/posts"}],"about":[{"href":"https:\/\/internat.zsgronowo.edu.pl\/wordpress\/index.php?rest_route=\/wp\/v2\/types\/post"}],"author":[{"embeddable":true,"href":"https:\/\/internat.zsgronowo.edu.pl\/wordpress\/index.php?rest_route=\/wp\/v2\/users\/4"}],"replies":[{"embeddable":true,"href":"https:\/\/internat.zsgronowo.edu.pl\/wordpress\/index.php?rest_route=%2Fwp%2Fv2%2Fcomments&post=3707"}],"version-history":[{"count":2,"href":"https:\/\/internat.zsgronowo.edu.pl\/wordpress\/index.php?rest_route=\/wp\/v2\/posts\/3707\/revisions"}],"predecessor-version":[{"id":3711,"href":"https:\/\/internat.zsgronowo.edu.pl\/wordpress\/index.php?rest_route=\/wp\/v2\/posts\/3707\/revisions\/3711"}],"wp:attachment":[{"href":"https:\/\/internat.zsgronowo.edu.pl\/wordpress\/index.php?rest_route=%2Fwp%2Fv2%2Fmedia&parent=3707"}],"wp:term":[{"taxonomy":"category","embeddable":true,"href":"https:\/\/internat.zsgronowo.edu.pl\/wordpress\/index.php?rest_route=%2Fwp%2Fv2%2Fcategories&post=3707"},{"taxonomy":"post_tag","embeddable":true,"href":"https:\/\/internat.zsgronowo.edu.pl\/wordpress\/index.php?rest_route=%2Fwp%2Fv2%2Ftags&post=3707"}],"curies":[{"name":"wp","href":"https:\/\/api.w.org\/{rel}","templated":true}]}}