{"id":3310,"date":"2022-06-10T12:03:31","date_gmt":"2022-06-10T10:03:31","guid":{"rendered":"http:\/\/internat.zsgronowo.edu.pl\/wordpress\/?p=3310"},"modified":"2022-06-10T12:03:31","modified_gmt":"2022-06-10T10:03:31","slug":"harmonogram-rekrutacji-do-internatu-2022-23","status":"publish","type":"post","link":"https:\/\/internat.zsgronowo.edu.pl\/wordpress\/?p=3310","title":{"rendered":"Harmonogram rekrutacji do Internatu 2022\/23"},"content":{"rendered":"<p><strong>HARMONOGRAM REKRUTACJI DO INTERNATU ZS,CKU W GRONOWIE NA ROK SZKOLNY 2022\/2023<\/strong><\/p>\n<p>&nbsp;<\/p>\n<table>\n<tbody>\n<tr>\n<td width=\"307\"><strong>TERMINY\u00a0\u00a0\u00a0\u00a0\u00a0\u00a0\u00a0\u00a0\u00a0\u00a0\u00a0\u00a0\u00a0\u00a0\u00a0\u00a0\u00a0\u00a0\u00a0\u00a0\u00a0\u00a0\u00a0\u00a0\u00a0\u00a0\u00a0\u00a0\u00a0\u00a0\u00a0\u00a0\u00a0\u00a0\u00a0\u00a0\u00a0\u00a0\u00a0\u00a0\u00a0\u00a0\u00a0\u00a0\u00a0\u00a0\u00a0\u00a0\u00a0\u00a0\u00a0\u00a0\u00a0\u00a0\u00a0\u00a0\u00a0\u00a0\u00a0\u00a0\u00a0\u00a0\u00a0\u00a0\u00a0\u00a0\u00a0\u00a0\u00a0\u00a0\u00a0\u00a0\u00a0\u00a0\u00a0\u00a0\u00a0\u00a0\u00a0 W POST\u0118POWANIU REKRUTACYJNYM<\/strong><\/p>\n<p>&nbsp;<\/td>\n<td width=\"307\">&nbsp;<\/td>\n<\/tr>\n<tr>\n<td width=\"307\">Sk\u0142adanie Deklaracji o Kontynuowaniu Pobytu w Internacie<\/p>\n<p>&nbsp;<\/td>\n<td width=\"307\">23 maja \u2013 31 maja (dostarczona osobi\u015bcie)<\/p>\n<p>&nbsp;<\/td>\n<\/tr>\n<tr>\n<td width=\"307\">Sk\u0142adanie Wniosk\u00f3w o przyznanie miejsca w Internacie<\/p>\n<p>&nbsp;<\/td>\n<td width=\"307\">8 czerwca \u2013 22 lipca, do godz. 15:00 (wniosek w formie papierowej)<\/p>\n<p>&nbsp;<\/td>\n<\/tr>\n<tr>\n<td width=\"307\">Podanie do publicznej wiadomo\u015bci listy kandydat\u00f3w zakwalifikowanych i listy kandydat\u00f3w niezakwalifikowanych<\/p>\n<p>&nbsp;<\/td>\n<td width=\"307\">15 sierpnia, udzielamy informacji telefonicznie w godz. 12:00 \u2013 16:00, po podaniu imienia, nazwiska kandydata (tel. 664\u00a0415 476).<\/td>\n<\/tr>\n<tr>\n<td width=\"307\">Podanie do publicznej wiadomo\u015bci listy kandydat\u00f3w przyj\u0119tych i nieprzyj\u0119tych 15 sierpnia,<\/p>\n<p>&nbsp;<\/td>\n<td width=\"307\">Informacji o przyj\u0119ciu udzielamy telefonicznie w godz. 10:00 \u2013 14:00 &#8211; po podaniu imienia, nazwiska kandydata (tel. 664\u00a0415 476).<\/p>\n<p>&nbsp;<\/td>\n<\/tr>\n<\/tbody>\n<\/table>\n<p>&nbsp;<\/p>\n<p><strong>ZASADY PRZYJ\u0118CIA DO PLAC\u00d3WKI w roku szkolnym 2022\/2023<\/strong><\/p>\n<p>W przypadku wi\u0119kszej liczby kandydat\u00f3w ni\u017c liczba wolnych miejsc, kt\u00f3rymi dysponuje internat, na pierwszym etapie post\u0119powania rekrutacyjnego brane s\u0105 pod uwag\u0119 \u0142\u0105cznie nast\u0119puj\u0105ce kryteria:<\/p>\n<ol>\n<li><strong>W przypadku kandydata niepe\u0142noletniego:<\/strong><\/li>\n<li>wielodzietno\u015b\u0107 rodziny kandydata,<\/li>\n<li>niepe\u0142nosprawno\u015b\u0107 kandydata,<\/li>\n<li>samotne wychowywanie kandydata w rodzinie<\/li>\n<li>obj\u0119cie kandydata piecz\u0105 zast\u0119pcz\u0105.<\/li>\n<li><strong>W przypadku kandydata pe\u0142noletniego:<\/strong><\/li>\n<li>wielodzietno\u015b\u0107 rodziny kandydata<\/li>\n<li>niepe\u0142nosprawno\u015b\u0107 kandydata,<\/li>\n<li>samotne wychowywanie dziecka.<\/li>\n<li><strong>Kryteria okre\u015blone przez organ prowadz\u0105cy obejmuj\u0105ce zar\u00f3wno kandydat\u00f3w niepe\u0142noletnich i pe\u0142noletnich:<\/strong><\/li>\n<li>odleg\u0142o\u015b\u0107 miejsca sta\u0142ego zamieszkania od Gronowa<\/li>\n<li>rozpocz\u0119cie nauki w pierwszej klasie szko\u0142y ponadpodstawowej,<\/li>\n<li>przestrzeganie regulaminu internatu ( wysoka frekwencja na zaj\u0119ciach lekcyjnych, regularne uiszczanie op\u0142at za wy\u017cywienie i in.)<\/li>\n<\/ol>\n<p>Ka\u017cde z kryteri\u00f3w wymienionych ma t\u0105 sam\u0105 warto\u015b\u0107 i wynosi 1 pkt.<\/p>\n<p>W przypadku r\u00f3wnorz\u0119dnych wynik\u00f3w uzyskanych przez kandydat\u00f3w na pierwszym etapie post\u0119powania rekrutacyjnego lub je\u015bli po zako\u0144czeniu tego etapu plac\u00f3wka nadal dysponuje wolnymi miejscami &#8211; przeprowadza si\u0119 drugi etap post\u0119powania rekrutacyjnego.<\/p>\n<p>Na drugim etapie post\u0119powania rekrutacyjnego brana jest pod uwag\u0119<strong> kolejno\u015b\u0107 zg\u0142osze\u0144 kandydat\u00f3w<\/strong><\/p>\n<p><strong>Warunkiem korzystania z internatu jest systematyczne regulowanie op\u0142at za\u00a0 wy\u017cywienie w terminie do 25- ego ka\u017cdego poprzedzaj\u0105cego miesi\u0105ca, oraz sk\u0142adki na Rad\u0119 Rodzic\u00f3w w wysoko\u015bci 10 z\u0142 do 10-go ka\u017cdego miesi\u0105ca<\/strong>.<\/p>\n","protected":false},"excerpt":{"rendered":"<p>HARMONOGRAM REKRUTACJI DO INTERNATU ZS,CKU W GRONOWIE NA ROK SZKOLNY 2022\/2023 &nbsp; TERMINY\u00a0\u00a0\u00a0\u00a0\u00a0\u00a0\u00a0\u00a0\u00a0\u00a0\u00a0\u00a0\u00a0\u00a0\u00a0\u00a0\u00a0\u00a0\u00a0\u00a0\u00a0\u00a0\u00a0\u00a0\u00a0\u00a0\u00a0\u00a0\u00a0\u00a0\u00a0\u00a0\u00a0\u00a0\u00a0\u00a0\u00a0\u00a0\u00a0\u00a0\u00a0\u00a0\u00a0\u00a0\u00a0\u00a0\u00a0\u00a0\u00a0\u00a0\u00a0\u00a0\u00a0\u00a0\u00a0\u00a0\u00a0\u00a0\u00a0\u00a0\u00a0\u00a0\u00a0\u00a0\u00a0\u00a0\u00a0\u00a0\u00a0\u00a0\u00a0\u00a0\u00a0\u00a0\u00a0\u00a0\u00a0\u00a0\u00a0 W POST\u0118POWANIU REKRUTACYJNYM &nbsp; &nbsp; Sk\u0142adanie Deklaracji o Kontynuowaniu Pobytu w Internacie &nbsp; 23 maja \u2013 31 maja (dostarczona osobi\u015bcie) &nbsp; Sk\u0142adanie Wniosk\u00f3w o przyznanie miejsca w Internacie &nbsp; 8 czerwca \u2013 22 lipca, do godz. 15:00 (wniosek w formie papierowej) &nbsp; [&hellip;]<\/p>\n","protected":false},"author":4,"featured_media":0,"comment_status":"closed","ping_status":"open","sticky":false,"template":"","format":"standard","meta":{"footnotes":""},"categories":[1],"tags":[],"class_list":["post-3310","post","type-post","status-publish","format-standard","hentry","category-aktualnosci"],"_links":{"self":[{"href":"https:\/\/internat.zsgronowo.edu.pl\/wordpress\/index.php?rest_route=\/wp\/v2\/posts\/3310","targetHints":{"allow":["GET"]}}],"collection":[{"href":"https:\/\/internat.zsgronowo.edu.pl\/wordpress\/index.php?rest_route=\/wp\/v2\/posts"}],"about":[{"href":"https:\/\/internat.zsgronowo.edu.pl\/wordpress\/index.php?rest_route=\/wp\/v2\/types\/post"}],"author":[{"embeddable":true,"href":"https:\/\/internat.zsgronowo.edu.pl\/wordpress\/index.php?rest_route=\/wp\/v2\/users\/4"}],"replies":[{"embeddable":true,"href":"https:\/\/internat.zsgronowo.edu.pl\/wordpress\/index.php?rest_route=%2Fwp%2Fv2%2Fcomments&post=3310"}],"version-history":[{"count":1,"href":"https:\/\/internat.zsgronowo.edu.pl\/wordpress\/index.php?rest_route=\/wp\/v2\/posts\/3310\/revisions"}],"predecessor-version":[{"id":3311,"href":"https:\/\/internat.zsgronowo.edu.pl\/wordpress\/index.php?rest_route=\/wp\/v2\/posts\/3310\/revisions\/3311"}],"wp:attachment":[{"href":"https:\/\/internat.zsgronowo.edu.pl\/wordpress\/index.php?rest_route=%2Fwp%2Fv2%2Fmedia&parent=3310"}],"wp:term":[{"taxonomy":"category","embeddable":true,"href":"https:\/\/internat.zsgronowo.edu.pl\/wordpress\/index.php?rest_route=%2Fwp%2Fv2%2Fcategories&post=3310"},{"taxonomy":"post_tag","embeddable":true,"href":"https:\/\/internat.zsgronowo.edu.pl\/wordpress\/index.php?rest_route=%2Fwp%2Fv2%2Ftags&post=3310"}],"curies":[{"name":"wp","href":"https:\/\/api.w.org\/{rel}","templated":true}]}}