{"id":2207,"date":"2021-05-31T23:31:55","date_gmt":"2021-05-31T21:31:55","guid":{"rendered":"http:\/\/internat.zsgronowo.edu.pl\/wordpress\/?p=2207"},"modified":"2021-05-31T23:31:55","modified_gmt":"2021-05-31T21:31:55","slug":"dzien-kobiet-5","status":"publish","type":"post","link":"https:\/\/internat.zsgronowo.edu.pl\/wordpress\/?p=2207","title":{"rendered":"Dzie\u0144 Kobiet"},"content":{"rendered":"<h2 style=\"text-align: left;\"><em><span style=\"color: #0000ff;\">Dzie\u0144 najpi\u0119kniejszy\u00a0 &#8211; \u015awi\u0119to Kobiet . \u00a0<\/span><\/em><\/h2>\n<h2><span style=\"color: #0000ff;\"><em>M\u0142odzie\u017cowa Rada Internatu nie zapomnia\u0142a o Paniach pracuj\u0105cych\u00a0 w naszym internacie. By\u0142y \u017cyczenia, kwiatki i czekoladki dla naszych kole\u017canek oraz Pa\u0144 Wychowawczy\u0144, Pani Kierownik, a tak\u017ce Pa\u0144 z obs\u0142ugi. Wszystko odby\u0142o si\u0119 z zachowaniem bezpiecze\u0144stwa oraz re\u017cimu sanitarnego Covid-19.\u00a0<\/em><\/span><\/h2>\n<h5><em><span style=\"color: #0000ff;\">Organizacja Przewodnicz\u0105cy M\u0142odzie\u017cowej Rady Kamil Majewski ze wsparciem opiekun\u00f3w MRI mgr Mariuszem Hasse i mgr Lidi\u0105 Szablewsk\u0105<\/span><\/em><\/h5>\n<p>&nbsp;<\/p>\n<p><a href=\"https:\/\/internat.zsgronowo.edu.pl\/wordpress\/wp-content\/uploads\/2021\/05\/Dzien-kobiet-21.jpg\"><img loading=\"lazy\" decoding=\"async\" class=\"alignnone size-full wp-image-2209\" src=\"https:\/\/internat.zsgronowo.edu.pl\/wordpress\/wp-content\/uploads\/2021\/05\/Dzien-kobiet-21.jpg\" alt=\"\" width=\"4032\" height=\"1908\" \/><\/a><\/p>\n<p><a href=\"https:\/\/internat.zsgronowo.edu.pl\/wordpress\/wp-content\/uploads\/2021\/05\/Dzien-kobiet-2021.jpg\"><img loading=\"lazy\" decoding=\"async\" class=\"alignnone size-full wp-image-2208\" src=\"https:\/\/internat.zsgronowo.edu.pl\/wordpress\/wp-content\/uploads\/2021\/05\/Dzien-kobiet-2021.jpg\" alt=\"\" width=\"1200\" height=\"1600\" \/><\/a><\/p>\n","protected":false},"excerpt":{"rendered":"<p>Dzie\u0144 najpi\u0119kniejszy\u00a0 &#8211; \u015awi\u0119to Kobiet . \u00a0 M\u0142odzie\u017cowa Rada Internatu nie zapomnia\u0142a o Paniach pracuj\u0105cych\u00a0 w naszym internacie. By\u0142y \u017cyczenia, kwiatki i czekoladki dla naszych kole\u017canek oraz Pa\u0144 Wychowawczy\u0144, Pani Kierownik, a tak\u017ce Pa\u0144 z obs\u0142ugi. Wszystko odby\u0142o si\u0119 z zachowaniem bezpiecze\u0144stwa oraz re\u017cimu sanitarnego Covid-19.\u00a0 Organizacja Przewodnicz\u0105cy M\u0142odzie\u017cowej Rady Kamil Majewski ze wsparciem opiekun\u00f3w [&hellip;]<\/p>\n","protected":false},"author":4,"featured_media":0,"comment_status":"closed","ping_status":"open","sticky":false,"template":"","format":"standard","meta":{"footnotes":""},"categories":[1],"tags":[],"class_list":["post-2207","post","type-post","status-publish","format-standard","hentry","category-aktualnosci"],"_links":{"self":[{"href":"https:\/\/internat.zsgronowo.edu.pl\/wordpress\/index.php?rest_route=\/wp\/v2\/posts\/2207","targetHints":{"allow":["GET"]}}],"collection":[{"href":"https:\/\/internat.zsgronowo.edu.pl\/wordpress\/index.php?rest_route=\/wp\/v2\/posts"}],"about":[{"href":"https:\/\/internat.zsgronowo.edu.pl\/wordpress\/index.php?rest_route=\/wp\/v2\/types\/post"}],"author":[{"embeddable":true,"href":"https:\/\/internat.zsgronowo.edu.pl\/wordpress\/index.php?rest_route=\/wp\/v2\/users\/4"}],"replies":[{"embeddable":true,"href":"https:\/\/internat.zsgronowo.edu.pl\/wordpress\/index.php?rest_route=%2Fwp%2Fv2%2Fcomments&post=2207"}],"version-history":[{"count":4,"href":"https:\/\/internat.zsgronowo.edu.pl\/wordpress\/index.php?rest_route=\/wp\/v2\/posts\/2207\/revisions"}],"predecessor-version":[{"id":2213,"href":"https:\/\/internat.zsgronowo.edu.pl\/wordpress\/index.php?rest_route=\/wp\/v2\/posts\/2207\/revisions\/2213"}],"wp:attachment":[{"href":"https:\/\/internat.zsgronowo.edu.pl\/wordpress\/index.php?rest_route=%2Fwp%2Fv2%2Fmedia&parent=2207"}],"wp:term":[{"taxonomy":"category","embeddable":true,"href":"https:\/\/internat.zsgronowo.edu.pl\/wordpress\/index.php?rest_route=%2Fwp%2Fv2%2Fcategories&post=2207"},{"taxonomy":"post_tag","embeddable":true,"href":"https:\/\/internat.zsgronowo.edu.pl\/wordpress\/index.php?rest_route=%2Fwp%2Fv2%2Ftags&post=2207"}],"curies":[{"name":"wp","href":"https:\/\/api.w.org\/{rel}","templated":true}]}}