{"id":1996,"date":"2019-12-17T17:15:55","date_gmt":"2019-12-17T16:15:55","guid":{"rendered":"http:\/\/internat.zsgronowo.edu.pl\/wordpress\/?p=1996"},"modified":"2019-12-19T20:12:31","modified_gmt":"2019-12-19T19:12:31","slug":"1996","status":"publish","type":"post","link":"https:\/\/internat.zsgronowo.edu.pl\/wordpress\/?p=1996","title":{"rendered":"Wieczerza Wigilijna -Internat Zespo\u0142u Szk\u00f3\u0142, CKU w Gronowie-2019"},"content":{"rendered":"<p style=\"text-align: left;\">J<em><strong>e\u017celi zalecz\u0119 cho\u0107 jedno serce, nie b\u0119d\u0119 \u017cy\u0142a na pr\u00f3\u017cno.<\/strong><\/em><br \/>\n<em><strong>Je\u017celi cho\u0107 jednej pomog\u0119 rozterce, jednej ranie ulg\u0105 pos\u0142u\u017c\u0119,<\/strong><\/em><br \/>\n<em><strong>Je\u017celi jednego ma\u0142ego ptaka z powrotem do gniazda w\u0142o\u017c\u0119,<\/strong><\/em><br \/>\n<em><strong>Nie b\u0119d\u0119 \u017cy\u0142a na pr\u00f3\u017cno.<\/strong><\/em><br \/>\n<em><strong>\u00a0 \u00a0 \u00a0 \u00a0 \u00a0 \u00a0 \u00a0 \u00a0 \u00a0 \u00a0 \u00a0 \u00a0 \u00a0 \u00a0 \u00a0 \u00a0 \u00a0 Emily Dickinson<\/strong><\/em><\/p>\n<p style=\"text-align: left;\">\u015awi\u0119ta Bo\u017cego Narodzenia, to czas nadziei i mi\u0142o\u015bci. Czas, kiedy warto rozejrze\u0107 si\u0119\u00a0 wok\u00f3\u0142 siebie, zatrzyma\u0107 i pomy\u015ble\u0107 o drugim cz\u0142owieku\u2026<br \/>\nW wyj\u0105tkowej atmosferze 17 grudnia 2019 r. w Internacie Zespo\u0142u Szk\u00f3\u0142, Centrum Kszta\u0142cenia Ustawicznego w Gronowie odby\u0142a si\u0119 Wieczerza Wigilijna.W udekorowanej \u015bwi\u0105tecznie sali gimnastycznej by\u0142a choinka oraz wystr\u00f3j wykonany przez wychowank\u00f3w internatu. Na pi\u0119knie przystrojonych sto\u0142ach, zgodnie z tradycj\u0105 pojawi\u0142y si\u0119 wigilijne potrawy. Amelia \u015aliwka i Jacek Macio\u0142ek z gracj\u0105 i wdzi\u0119kiem witali przyby\u0142ych na spotkanie Go\u015bci i Wychowank\u00f3w.Wraz z zaproszonymi Go\u015b\u0107mi-\u00a0 Panem Zbigniewem Piotrowskim Dyrektorem naszej szko\u0142y, Paniami Wicedyrektor -Anit\u0105 Murawsk\u0105 \u2013 Czapla i Joann\u0105 Wojtczak \u2013 R\u00f3\u017ca\u0144sk\u0105, Pani\u0105 Kierownik Internatu \u2013Agnieszk\u0105 Wo\u017any, Wychowawcami \u2013 Pani\u0105 Mari\u0105 B\u0119dlin, Pani\u0105 Hann\u0105 Grala, Pani\u0105 Olimpi\u0105 Grabowsk\u0105, Pani\u0105 Ann\u0105 Krajewsk\u0105, Pani\u0105 Magdalen\u0105 Kucharsk\u0105, Pani\u0105 Lidi\u0105 Szablewsk\u0105 \u2013 Szymanek, Panem Mariuszem Hasse , Panem Todorem Wyrbi\u0144skim i Pani\u0105 Ann\u0105 \u017bubkowsk\u0105 oraz Pracownikami, kt\u00f3rzy pomogli nam w organizacji tego wspania\u0142ego wieczoru sp\u0119dzili\u015bmy wyj\u0105tkowy dzie\u0144 w niepowtarzalnej, \u015bwi\u0105tecznej atmosferze.\u00a0\u00a0W cz\u0119\u015bci artystycznej Alicja Osta\u0142owska, Joanna Sipak i Patryk Siwek wprowadzili nas w \u015bwiat \u017cyczliwo\u015bci\u00a0i mi\u0142o\u015bci do ludzi. Uczniowie zaprezentowali w wydaniu humorystycznym ,,Wigili\u0119 S\u0105siedzk\u0105\u201d, kt\u00f3ra zako\u0144czy\u0142a si\u0119 pokojowym przes\u0142aniem. Z wyj\u0105tkowym talentem i zaanga\u017cowaniem arty\u015bci \u2013 Miko\u0142aj Albrecht, Wiktoria Buco\u0144, Jacek Czajkowski, Agata Dynas, Aleksandra Gizela, Wojciech Lubi\u0144ski, Kacper Palma, Zuzanna Sobczak i Janusz Zapadka odegrali swoje role.<br \/>\nCudownie za\u015bpiewane kol\u0119dy zrobi\u0142y na wszystkich bardzo du\u017ce wra\u017cenie. Przy akompaniamencie tr\u0105bki \u2013 Zuzanny Sobczak i El\u017cbiety \u015aliwka \u2013 \u015bpiew, pi\u0119knie zabrzmia\u0142a pie\u015b\u0144 ,,Oj Malu\u015bki\u201d.<br \/>\n,,Dzie\u0144 jeden w roku\u201d- bardzo ciep\u0142y cho\u0107 grudniowy, powita\u0142 wszystkich zebranych na uroczysto\u015bci. ,,Male\u0144ka mi\u0142o\u015b\u0107\u201d w wykonaniu Magdaleny Olejnik \u2013 gitara i \u015bpiew oraz wokalistek Karoliny R\u00f3\u017calskiej, Patrycji R\u00f3\u017calskiej, El\u017cbiety \u015aliwka i Agnieszki Zi\u0119tarskiej zapad\u0142a g\u0142\u0119boko w naszych sercach. Karolina R\u00f3\u017calska i Patrycja R\u00f3\u017calska oraz Agnieszka Zi\u0119tarska profesjonalnie wykona\u0142y tak\u017ce kol\u0119d\u0119 ,,Mario, czy ju\u017c wiesz?\u201d. W ten Wiecz\u00f3r Wigilijny, by\u0142a r\u00f3wnie\u017c \u017cywa pami\u0119\u0107 o tych, kt\u00f3rzy odeszli od nas na zawsze. Na zako\u0144czenie programu uczennice Karolina R\u00f3\u017calska i Patrycja R\u00f3\u017calska z sercem przepe\u0142nionym mi\u0142o\u015bci\u0105 za\u015bpiewa\u0142y ,,Kol\u0119d\u0119 dla nieobecnych\u201d. T\u0119sknota za tymi, kt\u00f3rzy odeszli, po to by \u017cy\u0107 w naszej pami\u0119ci, wzruszy\u0142a zebranych do \u0142ez.<br \/>\nSerdeczne \u017byczenia \u015awi\u0105teczne i Noworoczne Kochanym Uczniom i Drogim Pracownikom z\u0142o\u017cyli \u2013 Patryk Siwek, Pani Agnieszka Wo\u017any, Pani Maria B\u0119dlin\u00a0i Pan Zbigniew Piotrowski.<br \/>\nPodczas uroczysto\u015bci panowa\u0142 wyj\u0105tkowy i niepowtarzalny klimat. Nastrojowe o\u015bwietlenie, sprawno\u015b\u0107 sprz\u0119tu nag\u0142a\u015bniaj\u0105cego i muzycznego zawdzi\u0119czamy Mi\u0142oszowi Borsukowi, Krzysztofowi Jab\u0142o\u0144skiemu i Jakubowi D\u0119bowskiemu.<br \/>\nPo doznaniach duchowych i ciep\u0142ych \u017cyczeniach zasiedli\u015bmy do wsp\u00f3lnej wieczerzy i przy akompaniamencie kol\u0119d zachwycali\u015bmy si\u0119 potrawami przygotowanymi przez uczni\u00f3w i pracownik\u00f3w administracji oraz obs\u0142ugi.<br \/>\nNa Spotkaniu Wigilijnym pojawili si\u0119 tak\u017ce \u015awi\u0119ci Miko\u0142ajowie, kt\u00f3rzy wr\u0119czyli prezenty zaproszonym Go\u015bciom i Uczniom, ale dopiero po odkupieniu grzech\u00f3w.<br \/>\nFotoreporterzy \u2013 Iga Rykaczewska i Kamil Majewski oraz moderator strony internetowej Mi\u0142osz Borsuk upami\u0119tnili Wigili\u0119 2019 roku. By\u0142y to chwile pe\u0142ne wzrusze\u0144, uroku i rado\u015bci.<br \/>\nSerdecznie dzi\u0119kujemy Wszystkim Osobom,<br \/>\nkt\u00f3re by\u0142y wsp\u00f3\u0142tw\u00f3rcami tego pi\u0119knego wieczoru i nas wspiera\u0142y przy realizacji uroczysto\u015bci.<br \/>\nOrganizatorzy<br \/>\nMaria B\u0119dlin i Anna \u017bubkowska<\/p>\n<p style=\"text-align: left;\">Zapraszamy do galerii zdj\u0119\u0107<\/p>\n<p>&nbsp;<\/p>\n<p><a href=\"https:\/\/internat.zsgronowo.edu.pl\/wordpress\/?attachment_id=2018\" rel=\"attachment wp-att-2018\"><img loading=\"lazy\" decoding=\"async\" class=\"alignnone size-full wp-image-2018\" src=\"https:\/\/internat.zsgronowo.edu.pl\/wordpress\/wp-content\/uploads\/2019\/12\/patryk-gotowe.jpg\" alt=\"\" width=\"1920\" height=\"1280\" \/><\/a><a href=\"https:\/\/internat.zsgronowo.edu.pl\/wordpress\/?attachment_id=2014\" rel=\"attachment wp-att-2014\"><img loading=\"lazy\" decoding=\"async\" class=\"alignnone size-full wp-image-2014\" src=\"https:\/\/internat.zsgronowo.edu.pl\/wordpress\/wp-content\/uploads\/2019\/12\/76-got.jpg\" alt=\"\" width=\"1920\" height=\"1280\" \/><\/a><a href=\"https:\/\/internat.zsgronowo.edu.pl\/wordpress\/?attachment_id=2015\" rel=\"attachment wp-att-2015\"><img loading=\"lazy\" decoding=\"async\" class=\"alignnone size-full wp-image-2015\" src=\"https:\/\/internat.zsgronowo.edu.pl\/wordpress\/wp-content\/uploads\/2019\/12\/akt-g.jpg\" alt=\"\" width=\"1920\" height=\"1280\" \/><\/a><a href=\"https:\/\/internat.zsgronowo.edu.pl\/wordpress\/?attachment_id=2002\" rel=\"attachment wp-att-2002\"><img loading=\"lazy\" decoding=\"async\" class=\"alignnone size-full wp-image-2002\" src=\"https:\/\/internat.zsgronowo.edu.pl\/wordpress\/wp-content\/uploads\/2019\/12\/88-got.jpg\" alt=\"\" width=\"1920\" height=\"1280\" \/><\/a><a href=\"https:\/\/internat.zsgronowo.edu.pl\/wordpress\/?attachment_id=2010\" rel=\"attachment wp-att-2010\"><img loading=\"lazy\" decoding=\"async\" class=\"alignnone size-full wp-image-2010\" src=\"https:\/\/internat.zsgronowo.edu.pl\/wordpress\/wp-content\/uploads\/2019\/12\/prze-got.jpg\" alt=\"\" width=\"1920\" height=\"1280\" \/><\/a><a href=\"https:\/\/internat.zsgronowo.edu.pl\/wordpress\/?attachment_id=2019\" rel=\"attachment wp-att-2019\"><img loading=\"lazy\" decoding=\"async\" class=\"alignnone size-full wp-image-2019\" src=\"https:\/\/internat.zsgronowo.edu.pl\/wordpress\/wp-content\/uploads\/2019\/12\/stsdsd.jpg\" alt=\"\" width=\"1920\" height=\"1280\" \/><\/a><a href=\"https:\/\/internat.zsgronowo.edu.pl\/wordpress\/?attachment_id=2011\" rel=\"attachment wp-att-2011\"><img loading=\"lazy\" decoding=\"async\" class=\"alignnone size-full wp-image-2011\" src=\"https:\/\/internat.zsgronowo.edu.pl\/wordpress\/wp-content\/uploads\/2019\/12\/sdds-gg.jpg\" alt=\"\" width=\"1920\" height=\"1280\" \/><\/a><a href=\"https:\/\/internat.zsgronowo.edu.pl\/wordpress\/?attachment_id=2008\" rel=\"attachment wp-att-2008\"><img loading=\"lazy\" decoding=\"async\" class=\"alignnone size-full wp-image-2008\" src=\"https:\/\/internat.zsgronowo.edu.pl\/wordpress\/wp-content\/uploads\/2019\/12\/IMG_3360.jpg\" alt=\"\" width=\"2592\" height=\"1728\" \/><\/a><a href=\"https:\/\/internat.zsgronowo.edu.pl\/wordpress\/?attachment_id=1999\" rel=\"attachment wp-att-1999\"><img loading=\"lazy\" decoding=\"async\" class=\"alignnone size-full wp-image-1999\" src=\"https:\/\/internat.zsgronowo.edu.pl\/wordpress\/wp-content\/uploads\/2019\/12\/12.jpg\" alt=\"\" width=\"1920\" height=\"1280\" \/><\/a><a href=\"https:\/\/internat.zsgronowo.edu.pl\/wordpress\/?attachment_id=2009\" rel=\"attachment wp-att-2009\"><img loading=\"lazy\" decoding=\"async\" class=\"alignnone size-full wp-image-2009\" src=\"https:\/\/internat.zsgronowo.edu.pl\/wordpress\/wp-content\/uploads\/2019\/12\/IMG_3371df.jpg\" alt=\"\" width=\"1920\" height=\"1280\" \/><\/a><a href=\"https:\/\/internat.zsgronowo.edu.pl\/wordpress\/?attachment_id=2012\" rel=\"attachment wp-att-2012\"><img loading=\"lazy\" decoding=\"async\" class=\"alignnone size-full wp-image-2012\" src=\"https:\/\/internat.zsgronowo.edu.pl\/wordpress\/wp-content\/uploads\/2019\/12\/4-2.jpg\" alt=\"\" width=\"1920\" height=\"1280\" \/><\/a><a href=\"https:\/\/internat.zsgronowo.edu.pl\/wordpress\/?attachment_id=2000\" rel=\"attachment wp-att-2000\"><img loading=\"lazy\" decoding=\"async\" class=\"alignnone size-full wp-image-2000\" src=\"https:\/\/internat.zsgronowo.edu.pl\/wordpress\/wp-content\/uploads\/2019\/12\/33.jpg\" alt=\"\" width=\"1920\" height=\"1280\" \/><\/a><a href=\"https:\/\/internat.zsgronowo.edu.pl\/wordpress\/?attachment_id=2017\" rel=\"attachment wp-att-2017\"><img loading=\"lazy\" decoding=\"async\" class=\"alignnone size-full wp-image-2017\" src=\"https:\/\/internat.zsgronowo.edu.pl\/wordpress\/wp-content\/uploads\/2019\/12\/Grupa5.jpg\" alt=\"\" width=\"1920\" height=\"1280\" \/><\/a><a href=\"https:\/\/internat.zsgronowo.edu.pl\/wordpress\/?attachment_id=2007\" rel=\"attachment wp-att-2007\"><img loading=\"lazy\" decoding=\"async\" class=\"alignnone size-full wp-image-2007\" src=\"https:\/\/internat.zsgronowo.edu.pl\/wordpress\/wp-content\/uploads\/2019\/12\/Grupa4.jpg\" alt=\"\" width=\"1920\" height=\"1280\" \/><\/a><a href=\"https:\/\/internat.zsgronowo.edu.pl\/wordpress\/?attachment_id=2016\" rel=\"attachment wp-att-2016\"><img loading=\"lazy\" decoding=\"async\" class=\"alignnone size-full wp-image-2016\" src=\"https:\/\/internat.zsgronowo.edu.pl\/wordpress\/wp-content\/uploads\/2019\/12\/Grupa2.jpg\" alt=\"\" width=\"1920\" height=\"1280\" \/><\/a><a href=\"https:\/\/internat.zsgronowo.edu.pl\/wordpress\/?attachment_id=2006\" rel=\"attachment wp-att-2006\"><img loading=\"lazy\" decoding=\"async\" class=\"alignnone wp-image-2006\" src=\"https:\/\/internat.zsgronowo.edu.pl\/wordpress\/wp-content\/uploads\/2019\/12\/Grupa2a.jpg\" alt=\"\" width=\"1920\" height=\"1280\" \/><\/a><a href=\"https:\/\/internat.zsgronowo.edu.pl\/wordpress\/?attachment_id=2005\" rel=\"attachment wp-att-2005\"><img loading=\"lazy\" decoding=\"async\" class=\"alignnone size-full wp-image-2005\" src=\"https:\/\/internat.zsgronowo.edu.pl\/wordpress\/wp-content\/uploads\/2019\/12\/Grupa1.jpg\" alt=\"\" width=\"1920\" height=\"1280\" \/><\/a><a href=\"https:\/\/internat.zsgronowo.edu.pl\/wordpress\/?attachment_id=2004\" rel=\"attachment wp-att-2004\"><img loading=\"lazy\" decoding=\"async\" class=\"alignnone wp-image-2004\" src=\"https:\/\/internat.zsgronowo.edu.pl\/wordpress\/wp-content\/uploads\/2019\/12\/Grupa-3.jpg\" alt=\"\" width=\"1920\" height=\"1280\" \/><\/a><\/p>\n","protected":false},"excerpt":{"rendered":"<p>Je\u017celi zalecz\u0119 cho\u0107 jedno serce, nie b\u0119d\u0119 \u017cy\u0142a na pr\u00f3\u017cno. Je\u017celi cho\u0107 jednej pomog\u0119 rozterce, jednej ranie ulg\u0105 pos\u0142u\u017c\u0119, Je\u017celi jednego ma\u0142ego ptaka z powrotem do gniazda w\u0142o\u017c\u0119, Nie b\u0119d\u0119 \u017cy\u0142a na pr\u00f3\u017cno. \u00a0 \u00a0 \u00a0 \u00a0 \u00a0 \u00a0 \u00a0 \u00a0 \u00a0 \u00a0 \u00a0 \u00a0 \u00a0 \u00a0 \u00a0 \u00a0 \u00a0 Emily Dickinson \u015awi\u0119ta Bo\u017cego Narodzenia, [&hellip;]<\/p>\n","protected":false},"author":2,"featured_media":0,"comment_status":"closed","ping_status":"open","sticky":false,"template":"","format":"standard","meta":{"footnotes":""},"categories":[1],"tags":[],"class_list":["post-1996","post","type-post","status-publish","format-standard","hentry","category-aktualnosci"],"_links":{"self":[{"href":"https:\/\/internat.zsgronowo.edu.pl\/wordpress\/index.php?rest_route=\/wp\/v2\/posts\/1996","targetHints":{"allow":["GET"]}}],"collection":[{"href":"https:\/\/internat.zsgronowo.edu.pl\/wordpress\/index.php?rest_route=\/wp\/v2\/posts"}],"about":[{"href":"https:\/\/internat.zsgronowo.edu.pl\/wordpress\/index.php?rest_route=\/wp\/v2\/types\/post"}],"author":[{"embeddable":true,"href":"https:\/\/internat.zsgronowo.edu.pl\/wordpress\/index.php?rest_route=\/wp\/v2\/users\/2"}],"replies":[{"embeddable":true,"href":"https:\/\/internat.zsgronowo.edu.pl\/wordpress\/index.php?rest_route=%2Fwp%2Fv2%2Fcomments&post=1996"}],"version-history":[{"count":11,"href":"https:\/\/internat.zsgronowo.edu.pl\/wordpress\/index.php?rest_route=\/wp\/v2\/posts\/1996\/revisions"}],"predecessor-version":[{"id":2030,"href":"https:\/\/internat.zsgronowo.edu.pl\/wordpress\/index.php?rest_route=\/wp\/v2\/posts\/1996\/revisions\/2030"}],"wp:attachment":[{"href":"https:\/\/internat.zsgronowo.edu.pl\/wordpress\/index.php?rest_route=%2Fwp%2Fv2%2Fmedia&parent=1996"}],"wp:term":[{"taxonomy":"category","embeddable":true,"href":"https:\/\/internat.zsgronowo.edu.pl\/wordpress\/index.php?rest_route=%2Fwp%2Fv2%2Fcategories&post=1996"},{"taxonomy":"post_tag","embeddable":true,"href":"https:\/\/internat.zsgronowo.edu.pl\/wordpress\/index.php?rest_route=%2Fwp%2Fv2%2Ftags&post=1996"}],"curies":[{"name":"wp","href":"https:\/\/api.w.org\/{rel}","templated":true}]}}