{"id":131,"date":"2011-03-15T15:32:52","date_gmt":"2011-03-15T14:32:52","guid":{"rendered":"http:\/\/internat.zsgronowo.edu.pl\/wordpress\/?p=131"},"modified":"2013-06-05T15:37:40","modified_gmt":"2013-06-05T13:37:40","slug":"dzien-kobiet-2011","status":"publish","type":"post","link":"https:\/\/internat.zsgronowo.edu.pl\/wordpress\/?p=131","title":{"rendered":"Dzie\u0144 Kobiet 2011"},"content":{"rendered":"<p>Dzie\u0144 Kobiet <\/p>\n<p>Dnia 08 marca 2011 roku odby\u0142a si\u0119 uroczysto\u015b\u0107 z okazji Dnia Kobiet zorganizowana przez Wychowawczynie Pani\u0105 Dorot\u0119 Raczy\u0144sk\u0105 &#8211; Grala oraz Pani\u0105 Magdalen\u0119 Kucharsk\u0105. Ch\u0142opcy wyst\u0105pili z przedstawieniem kabaretowym i wyst\u0119pem muzycznym na \u017cywo. Byli tak rewelacyjni, \u017ce otrzymali od kole\u017canek owacje na stoj\u0105co. By\u0142y bisy \ud83d\ude42<br \/>\nPoni\u017cej galeria zdj\u0119\u0107 z tej uroczysto\u015bci.<\/p>\n","protected":false},"excerpt":{"rendered":"<p>Dzie\u0144 Kobiet Dnia 08 marca 2011 roku odby\u0142a si\u0119 uroczysto\u015b\u0107 z okazji Dnia Kobiet zorganizowana przez Wychowawczynie Pani\u0105 Dorot\u0119 Raczy\u0144sk\u0105 &#8211; Grala oraz Pani\u0105 Magdalen\u0119 Kucharsk\u0105. Ch\u0142opcy wyst\u0105pili z przedstawieniem kabaretowym i wyst\u0119pem muzycznym na \u017cywo. Byli tak rewelacyjni, \u017ce otrzymali od kole\u017canek owacje na stoj\u0105co. By\u0142y bisy \ud83d\ude42 Poni\u017cej galeria zdj\u0119\u0107 z tej uroczysto\u015bci.<\/p>\n","protected":false},"author":2,"featured_media":0,"comment_status":"closed","ping_status":"open","sticky":false,"template":"","format":"standard","meta":{"footnotes":""},"categories":[1],"tags":[],"class_list":["post-131","post","type-post","status-publish","format-standard","hentry","category-aktualnosci"],"_links":{"self":[{"href":"https:\/\/internat.zsgronowo.edu.pl\/wordpress\/index.php?rest_route=\/wp\/v2\/posts\/131","targetHints":{"allow":["GET"]}}],"collection":[{"href":"https:\/\/internat.zsgronowo.edu.pl\/wordpress\/index.php?rest_route=\/wp\/v2\/posts"}],"about":[{"href":"https:\/\/internat.zsgronowo.edu.pl\/wordpress\/index.php?rest_route=\/wp\/v2\/types\/post"}],"author":[{"embeddable":true,"href":"https:\/\/internat.zsgronowo.edu.pl\/wordpress\/index.php?rest_route=\/wp\/v2\/users\/2"}],"replies":[{"embeddable":true,"href":"https:\/\/internat.zsgronowo.edu.pl\/wordpress\/index.php?rest_route=%2Fwp%2Fv2%2Fcomments&post=131"}],"version-history":[{"count":1,"href":"https:\/\/internat.zsgronowo.edu.pl\/wordpress\/index.php?rest_route=\/wp\/v2\/posts\/131\/revisions"}],"predecessor-version":[{"id":132,"href":"https:\/\/internat.zsgronowo.edu.pl\/wordpress\/index.php?rest_route=\/wp\/v2\/posts\/131\/revisions\/132"}],"wp:attachment":[{"href":"https:\/\/internat.zsgronowo.edu.pl\/wordpress\/index.php?rest_route=%2Fwp%2Fv2%2Fmedia&parent=131"}],"wp:term":[{"taxonomy":"category","embeddable":true,"href":"https:\/\/internat.zsgronowo.edu.pl\/wordpress\/index.php?rest_route=%2Fwp%2Fv2%2Fcategories&post=131"},{"taxonomy":"post_tag","embeddable":true,"href":"https:\/\/internat.zsgronowo.edu.pl\/wordpress\/index.php?rest_route=%2Fwp%2Fv2%2Ftags&post=131"}],"curies":[{"name":"wp","href":"https:\/\/api.w.org\/{rel}","templated":true}]}}